{"id":1923,"date":"2025-03-18T09:38:05","date_gmt":"2025-03-18T09:38:05","guid":{"rendered":"https:\/\/hansakerman.se\/?p=1923"},"modified":"2025-03-18T21:04:36","modified_gmt":"2025-03-18T21:04:36","slug":"drommen-och-dess-analys","status":"publish","type":"post","link":"https:\/\/hansakerman.se\/?p=1923","title":{"rendered":"Bed\u00f6mningen: En dr\u00f6m och en analys"},"content":{"rendered":"\n<p><strong>Ih\u00e5gkomsten av dr\u00f6mmen<\/strong><\/p>\n\n\n\n<p>S\u00e5 jag steg in i 30-tals-huset och m\u00f6tte d\u00e4r en trapp upplyst av gult ljus. En halvtrappa upp, en avsats innan n\u00e4sta trappa kommer en \u00e4ldre dam, hon tittar p\u00e5 mig, jag k\u00e4nner att jag inte har n\u00e5got d\u00e4r att g\u00f6ra men l\u00e5tsas som att jag kanske bes\u00f6ker n\u00e5gon eller bor d\u00e4r och g\u00e5r vidare utan att avsl\u00f6ja en min.<\/p>\n\n\n\n<p>Jag g\u00e5r uppf\u00f6r \u00e4nnu en trappa och kommer till ytterligare en v\u00e5ning och d\u00e4r g\u00e5r pl\u00f6tsligt trappan ner\u00e5t som jag sett i ett m\u00e4rkligt byggt hotell i London.<\/p>\n\n\n\n<p>Jag g\u00e5r nerf\u00f6r trappen och kommer till en dal med ljus himmel s\u00e5som en j\u00e4mn hinna av moln som gjorde solen skina som genom glas. Omsluten av berg och ett stort tr\u00e4ningsf\u00e4lt l\u00e5g en avl\u00e5ng byggnad som bokstaven L, med \u00f6ppen sida mot f\u00e4ltet.<\/p>\n\n\n\n<p>Det \u00e4r en dansskola. Jag f\u00f6rstod detta. Och d\u00e4r vill jag l\u00e4ra mig att dansa. L\u00e5ngt borta p\u00e5 det \u00f6ppna f\u00e4ltet med grus och kortklippt gr\u00e4s under en mild sol, ett v\u00e4der som inte sticker ut, s\u00e5g jag n\u00e5gra m\u00e4nniskor samlade. De s\u00e5g ut att konferera. Planera. Det fanns en \u00f6ppenhet och jag vill ansluta mig till dem. Tillh\u00f6ra.<\/p>\n\n\n\n<p>Jag var pl\u00f6tsligt i huset, det k\u00e4ndes provisoriskt byggt men \u00e4nd\u00e5 best\u00e4ndigt. Som ett hus byggt i l\u00e4nder med monsun. En pojke ledde mig fram\u00e5t i byggnad mot den andra sidan. Det j\u00e4mna ljuset spred sig in i huset genom den \u00f6ppna sidan. Vi gick upp f\u00f6r en liten trapp. Pojken kallade mig pappa. Och jag k\u00e4nde mig inte d\u00f6md av honom utan d\u00e4r fanns en k\u00e4rlek, en trygghet som inte beh\u00f6vde v\u00e4gas, recenseras eller kritiseras. En pojkes trygghet till sin far.<\/p>\n\n\n\n<p>I dr\u00f6mmen rationaliserade jag varf\u00f6r pojken sa &#8220;pappa&#8221; till mig. Att alla m\u00e4n var s\u00e5som pappa till honom. En reflektion i dr\u00f6mmen som jag tyckte var f\u00f6r rationell. Kunde jag inte bara k\u00e4nna k\u00e4nslan?<\/p>\n\n\n\n<p>N\u00e4sta scen jag kommer ih\u00e5g st\u00e5r jag framf\u00f6r kanske 30 personer. De sitter p\u00e5 en b\u00e4nk i en sal i huset. Det finns n\u00e5got bistert \u00f6ver dem. En r\u00f6st, jag tror det \u00e4r en rundlagd mans ansikte som talar: &#8220;Din kropp \u00e4r inte intressant &#8211; du \u00e4r inte antagen&#8221;. <\/p>\n\n\n\n<p>Jag blir best\u00f6rt. Och arg. Jag tittar p\u00e5 m\u00e4nniskorna. De \u00e4r i alla former, smala, n\u00e5gra rundlagda ansikten, med alldagligt utseende. Jag s\u00e4ger. &#8220;Hur ser ni ut sj\u00e4lva d\u00e5?&#8221; \u2013 arg.<\/p>\n\n\n\n<p>Och d\u00e4r vaknar jag. <\/p>\n\n\n\n<p><strong>Analys och tankar<\/strong><\/p>\n\n\n\n<p>Jag hade i dagarna t\u00e4nkt p\u00e5 att vi blir st\u00e4ndigt bed\u00f6mda av andra. Och att vi d\u00f6mer andra. Andras kroppar, andras h\u00e4lsa, andras kl\u00e4der och utseende.<\/p>\n\n\n\n<p>Jag t\u00e4nkte att om det nu h\u00e4nder s\u00e5 m\u00e5ste jag vara p\u00e5 min b\u00e4sta sida j\u00e4mt. F\u00f6r man \u00e4r st\u00e4ndigt bed\u00f6md och varf\u00f6r inte beta sig och kl\u00e4 sig p\u00e5 b\u00e4sta s\u00e4tt j\u00e4mt. Det k\u00e4ndes som jag \u00e5terigen st\u00e4llde ett f\u00f6r stort krav p\u00e5 mig sj\u00e4lv?<\/p>\n\n\n\n<p>S\u00e5 i dr\u00f6mmen. N\u00e5gra bed\u00f6mnings\u00f6gonblick och kanske bed\u00f6mningsarketyper i min interna metabed\u00f6mare.<br><br>Den \u00e4ldre kvinnan i trappen: Hon k\u00e4ndes som en v\u00e4ktare. Jag t\u00e4nkte hon bed\u00f6mde om jag tillh\u00f6rde.<br><br>Pojken som kallade mig pappa. D\u00e4r k\u00e4nde jag mig od\u00f6md. Men jag d\u00f6mde pojken som ung och f\u00f6rvirrad.<br><br>Den refuserande samlingen i danssalen. D\u00e4r fanns ett kollektiv uttalande och d\u00f6mande fr\u00e5n de vuxna. Den olika samlingen av m\u00e4nniskor: &#8220;Din kropp \u00e4r inte ok, den \u00e4r inte intressant och du \u00e4r inte antagen till skolan&#8221;.<\/p>\n\n\n\n<p>Den st\u00f6rsta slutsatsen. I dr\u00f6mmen \u00e4r det jag som d\u00f6mer mig sj\u00e4lv. Det \u00e4r min kropp, min hj\u00e4rna, mitt k\u00f6tt som skapar denna dr\u00f6mmen. Och det \u00e4r JAG som \u00e4r alla aspekter. Och denna bed\u00f6mning g\u00f6r vi ST\u00c4NDIGT i v\u00e5r vardag. Vad tycker mannen och kvinnan p\u00e5 fiket om mig? Och gud ja, jag observerar och uppfostrar. F\u00f6r om du bed\u00f6mer n\u00e5got som du inte tycker om s\u00e5 \u00e5terkopplar du, subtilt och mer konkret. Jag h\u00e4rmar hennes r\u00f6st. Det \u00e4r v\u00e4ldigt svaga toner. H\u00f6r du? Men var sn\u00e4llare. <\/p>\n\n\n\n<p>Konkret: N\u00e4r vi r\u00f6r oss i vardagen och hur vi styr v\u00e5r organism, beteende och k\u00e4nsla s\u00e5 tar h\u00e4nsyn till andra m\u00e4nniskor.<\/p>\n\n\n\n<p>Hur uppfattar vi d\u00e5 andra m\u00e4nniskor? Genom kunskap om dem i oss sj\u00e4lva. S\u00e5 n\u00e4r vi k\u00e4nner oss d\u00f6mda av andra s\u00e5 \u00e4r det genom oss sj\u00e4lv. Och p\u00e5 ett fik d\u00e4r m\u00e4nniskor sitter s\u00e5 har vi enskilda personer och ett f\u00e4lt av beteende som vi st\u00e4mmer oss efter och levererar oss sj\u00e4lva i.<\/p>\n\n\n\n<p>Hypotes: I dr\u00f6mmen fick jag ihopkoppla bed\u00f6maren, k\u00e4nna bed\u00f6maren p\u00e5 samma s\u00e4tt som i vardagen, fast endast i dr\u00f6mmen. Bevakad, \u00e4lskad, refuserad. <br>Den lins i dig, med m\u00e5nga \u00f6gon och m\u00e5nga \u00e5sikter \u00e4r din att modulera \u2013 att \u00e4ga.<\/p>\n\n\n\n<p>I ditt universum \u00e4r det du som \u00e4r bed\u00f6maren och kritikern, men l\u00e5t \u00e5terkopplingen var mjukare och med mer k\u00e4rlek. F\u00f6r du bed\u00f6mer dig sj\u00e4lv med en helt annan horisont \u00e4n vad du bed\u00f6mer andra, f\u00f6r du har k\u00e4nnedom om allt du k\u00e4nner till OM DIG SJ\u00c4LV. Sj\u00e4lvd\u00f6mandet kan d\u00e5 bli h\u00e5rt och den interna kunskapen du har om dig sj\u00e4lv kan spilla ut hur andra d\u00f6mer dig.<\/p>\n\n\n\n<p>Jag ska \u00e4ven inte d\u00f6ma andra lika h\u00e5rt som jag d\u00f6mer mig. Inte driva andra lika h\u00e5rt som jag driver mig. Inte missf\u00f6rst\u00e5 andras kunskaper som jag missf\u00f6rst\u00e5r mina egna. F\u00f6r f\u00e4ltet i mig \u00e4r lite ost\u00e4mt. Men n\u00e4r jag hittat formen, en karta, en ing\u00e5ng s\u00e5 ser jag nu N\u00c4R. Glimtar av n\u00e4r det h\u00e4nder i mitt inre. En k\u00e4nsla. Genom reflektion och k\u00e4nsla s\u00e5 f\u00e5r jag st\u00e4mma om. Till ett varmare f\u00e4lt, inte lika kontrollerande och p\u00e5drivande.<\/p>\n","protected":false},"excerpt":{"rendered":"<p>Ih\u00e5gkomsten av dr\u00f6mmen S\u00e5 jag steg in i 30-tals-huset och m\u00f6tte d\u00e4r en trapp upplyst av gult ljus. En halvtrappa upp, en avsats innan n\u00e4sta trappa kommer en \u00e4ldre dam, hon tittar p\u00e5 mig, jag k\u00e4nner att jag inte har n\u00e5got d\u00e4r att g\u00f6ra men l\u00e5tsas som att jag kanske bes\u00f6ker n\u00e5gon eller bor d\u00e4r&hellip; <a class=\"more-link\" href=\"https:\/\/hansakerman.se\/?p=1923\">Continue reading <span class=\"screen-reader-text\">Bed\u00f6mningen: En dr\u00f6m och en analys<\/span><\/a><\/p>\n","protected":false},"author":2,"featured_media":0,"comment_status":"closed","ping_status":"open","sticky":false,"template":"","format":"standard","meta":{"footnotes":""},"categories":[1],"tags":[],"class_list":["post-1923","post","type-post","status-publish","format-standard","hentry","category-noll","entry"],"_links":{"self":[{"href":"https:\/\/hansakerman.se\/index.php?rest_route=\/wp\/v2\/posts\/1923","targetHints":{"allow":["GET"]}}],"collection":[{"href":"https:\/\/hansakerman.se\/index.php?rest_route=\/wp\/v2\/posts"}],"about":[{"href":"https:\/\/hansakerman.se\/index.php?rest_route=\/wp\/v2\/types\/post"}],"author":[{"embeddable":true,"href":"https:\/\/hansakerman.se\/index.php?rest_route=\/wp\/v2\/users\/2"}],"replies":[{"embeddable":true,"href":"https:\/\/hansakerman.se\/index.php?rest_route=%2Fwp%2Fv2%2Fcomments&post=1923"}],"version-history":[{"count":6,"href":"https:\/\/hansakerman.se\/index.php?rest_route=\/wp\/v2\/posts\/1923\/revisions"}],"predecessor-version":[{"id":1930,"href":"https:\/\/hansakerman.se\/index.php?rest_route=\/wp\/v2\/posts\/1923\/revisions\/1930"}],"wp:attachment":[{"href":"https:\/\/hansakerman.se\/index.php?rest_route=%2Fwp%2Fv2%2Fmedia&parent=1923"}],"wp:term":[{"taxonomy":"category","embeddable":true,"href":"https:\/\/hansakerman.se\/index.php?rest_route=%2Fwp%2Fv2%2Fcategories&post=1923"},{"taxonomy":"post_tag","embeddable":true,"href":"https:\/\/hansakerman.se\/index.php?rest_route=%2Fwp%2Fv2%2Ftags&post=1923"}],"curies":[{"name":"wp","href":"https:\/\/api.w.org\/{rel}","templated":true}]}}