{"id":2182,"date":"2025-06-17T15:10:58","date_gmt":"2025-06-17T15:10:58","guid":{"rendered":"https:\/\/hansakerman.se\/?p=2182"},"modified":"2025-06-17T15:12:03","modified_gmt":"2025-06-17T15:12:03","slug":"att-fastna-och-forstarka","status":"publish","type":"post","link":"https:\/\/hansakerman.se\/?p=2182","title":{"rendered":"Att fastna och f\u00f6rst\u00e4rka"},"content":{"rendered":"\n<p>Jag och min v\u00e4n lyssnade p\u00e5 samma album men fastnade f\u00f6r olika l\u00e5tar. Jag fastnade f\u00f6r titelsp\u00e5ret och tyckte det talade till mig d\u00e5 den pratade om spriritualitet och kamp. Min v\u00e4n fastnade f\u00f6r en l\u00e5t med &#8220;UFO-abduction&#8221;-tema. Det vi relaterade till var inte slumpm\u00e4ssigt; det var som om v\u00e5ra sinnesst\u00e4mningar och erfarenheter filtrerade musiken genom helt olika linser(oss!). Det fick mig att t\u00e4nka p\u00e5 hur vi ofta ser mening eller m\u00f6nster i det som tr\u00e4ffar oss personligen. Man tror att ett sammantr\u00e4ffande \u00e4r betydelsefullt bara f\u00f6r att det r\u00e5kar k\u00e4nnas s\u00e5. Kanske \u00e4r det bara jag som tolkar och v\u00e4ljer ut det som r\u00e5kar bekr\u00e4fta n\u00e5got jag redan t\u00e4nker eller k\u00e4nner.<\/p>\n\n\n\n<p>Det \u00e4r lockande att tala om synkronicitet; att universum kommunicerar med en p\u00e5 n\u00e5got vis. Men lika g\u00e4rna kan det vara en spegling av det egna inre: ett f\u00f6rst\u00e4rkt eko av n\u00e5got man redan b\u00e4r p\u00e5. Det som b\u00f6rjar i en k\u00e4nsla av samh\u00f6righet eller magi kan glida \u00f6ver i sj\u00e4lvbekr\u00e4ftande illusioner, om man inte \u00e4r vaksam. Och kanske \u00e4r det just det som g\u00f6r det m\u00e4nskligt;  att vi tolkar v\u00e4rlden genom v\u00e5ra behov av mening, \u00e4ven n\u00e4r den kanske bara \u00e4r en spegelbild.<\/p>\n","protected":false},"excerpt":{"rendered":"<p>Jag och min v\u00e4n lyssnade p\u00e5 samma album men fastnade f\u00f6r olika l\u00e5tar. Jag fastnade f\u00f6r titelsp\u00e5ret och tyckte det talade till mig d\u00e5 den pratade om spriritualitet och kamp. Min v\u00e4n fastnade f\u00f6r en l\u00e5t med &#8220;UFO-abduction&#8221;-tema. Det vi relaterade till var inte slumpm\u00e4ssigt; det var som om v\u00e5ra sinnesst\u00e4mningar och erfarenheter filtrerade musiken&hellip; <a class=\"more-link\" href=\"https:\/\/hansakerman.se\/?p=2182\">Continue reading <span class=\"screen-reader-text\">Att fastna och f\u00f6rst\u00e4rka<\/span><\/a><\/p>\n","protected":false},"author":2,"featured_media":0,"comment_status":"closed","ping_status":"open","sticky":false,"template":"","format":"standard","meta":{"footnotes":""},"categories":[1],"tags":[],"class_list":["post-2182","post","type-post","status-publish","format-standard","hentry","category-noll","entry"],"_links":{"self":[{"href":"https:\/\/hansakerman.se\/index.php?rest_route=\/wp\/v2\/posts\/2182","targetHints":{"allow":["GET"]}}],"collection":[{"href":"https:\/\/hansakerman.se\/index.php?rest_route=\/wp\/v2\/posts"}],"about":[{"href":"https:\/\/hansakerman.se\/index.php?rest_route=\/wp\/v2\/types\/post"}],"author":[{"embeddable":true,"href":"https:\/\/hansakerman.se\/index.php?rest_route=\/wp\/v2\/users\/2"}],"replies":[{"embeddable":true,"href":"https:\/\/hansakerman.se\/index.php?rest_route=%2Fwp%2Fv2%2Fcomments&post=2182"}],"version-history":[{"count":2,"href":"https:\/\/hansakerman.se\/index.php?rest_route=\/wp\/v2\/posts\/2182\/revisions"}],"predecessor-version":[{"id":2184,"href":"https:\/\/hansakerman.se\/index.php?rest_route=\/wp\/v2\/posts\/2182\/revisions\/2184"}],"wp:attachment":[{"href":"https:\/\/hansakerman.se\/index.php?rest_route=%2Fwp%2Fv2%2Fmedia&parent=2182"}],"wp:term":[{"taxonomy":"category","embeddable":true,"href":"https:\/\/hansakerman.se\/index.php?rest_route=%2Fwp%2Fv2%2Fcategories&post=2182"},{"taxonomy":"post_tag","embeddable":true,"href":"https:\/\/hansakerman.se\/index.php?rest_route=%2Fwp%2Fv2%2Ftags&post=2182"}],"curies":[{"name":"wp","href":"https:\/\/api.w.org\/{rel}","templated":true}]}}